{"id":3406,"date":"2019-06-14T08:53:42","date_gmt":"2019-06-14T06:53:42","guid":{"rendered":"http:\/\/www.salvatorecimmino.it\/?p=3406"},"modified":"2019-07-03T11:16:46","modified_gmt":"2019-07-03T09:16:46","slug":"coinvolgere-la-diversita-umana-nel-progetto-universale-e-lassioma-su-cui-si-basa-la-concezione-di-una-societa-accessibile","status":"publish","type":"post","link":"https:\/\/www.salvatorecimmino.it\/?p=3406","title":{"rendered":"Coinvolgere la diversit\u00e0 umana nel progetto universale \u00e8 l&#8217;assioma su cui si basa la concezione di una societ\u00e0 accessibile"},"content":{"rendered":"<p><iframe loading=\"lazy\" width=\"1465\" height=\"784\" src=\"https:\/\/www.youtube.com\/embed\/yh-eESnaVs8\" frameborder=\"0\" allow=\"accelerometer; autoplay; encrypted-media; gyroscope; picture-in-picture\" allowfullscreen><\/iframe><\/p>\n","protected":false},"excerpt":{"rendered":"","protected":false},"author":1,"featured_media":3429,"comment_status":"open","ping_status":"open","sticky":false,"template":"","format":"standard","meta":[],"categories":[33],"tags":[],"_links":{"self":[{"href":"https:\/\/www.salvatorecimmino.it\/index.php?rest_route=\/wp\/v2\/posts\/3406"}],"collection":[{"href":"https:\/\/www.salvatorecimmino.it\/index.php?rest_route=\/wp\/v2\/posts"}],"about":[{"href":"https:\/\/www.salvatorecimmino.it\/index.php?rest_route=\/wp\/v2\/types\/post"}],"author":[{"embeddable":true,"href":"https:\/\/www.salvatorecimmino.it\/index.php?rest_route=\/wp\/v2\/users\/1"}],"replies":[{"embeddable":true,"href":"https:\/\/www.salvatorecimmino.it\/index.php?rest_route=%2Fwp%2Fv2%2Fcomments&post=3406"}],"version-history":[{"count":1,"href":"https:\/\/www.salvatorecimmino.it\/index.php?rest_route=\/wp\/v2\/posts\/3406\/revisions"}],"predecessor-version":[{"id":3409,"href":"https:\/\/www.salvatorecimmino.it\/index.php?rest_route=\/wp\/v2\/posts\/3406\/revisions\/3409"}],"wp:featuredmedia":[{"embeddable":true,"href":"https:\/\/www.salvatorecimmino.it\/index.php?rest_route=\/wp\/v2\/media\/3429"}],"wp:attachment":[{"href":"https:\/\/www.salvatorecimmino.it\/index.php?rest_route=%2Fwp%2Fv2%2Fmedia&parent=3406"}],"wp:term":[{"taxonomy":"category","embeddable":true,"href":"https:\/\/www.salvatorecimmino.it\/index.php?rest_route=%2Fwp%2Fv2%2Fcategories&post=3406"},{"taxonomy":"post_tag","embeddable":true,"href":"https:\/\/www.salvatorecimmino.it\/index.php?rest_route=%2Fwp%2Fv2%2Ftags&post=3406"}],"curies":[{"name":"wp","href":"https:\/\/api.w.org\/{rel}","templated":true}]}}