{"id":3419,"date":"2019-07-03T10:10:53","date_gmt":"2019-07-03T08:10:53","guid":{"rendered":"http:\/\/www.salvatorecimmino.it\/?p=3419"},"modified":"2019-07-03T13:08:29","modified_gmt":"2019-07-03T11:08:29","slug":"edward-cammina-da-solo","status":"publish","type":"post","link":"https:\/\/www.salvatorecimmino.it\/?p=3419","title":{"rendered":"Edward cammina da solo"},"content":{"rendered":"<p>L\u2019errore pi\u00f9 grave \u00e8 quello di arrendersi ad un nemico ostinato ed apparentemente invincibile. La disabilit\u00e0 \u00e8 una condizione che sconvolge la qualit\u00e0 della vita delle persone. \u00c8 una condizione spesso invisibile a chi non ne \u00e8 affetto. Pu\u00f2 portare a vivere da reclusi insieme alle proprie famiglie senza che il mondo circostante se ne accorga (o faccia finta di non accorgersene). <\/p>\n<p>Quando si vive in un contesto dove l\u2019accessibilit\u00e0 &#8211; sia fisica che sociale &#8211; non \u00e8 contemplata subentra una profonda disperazione che si associa quasi sempre all\u2019emarginazione e a mille altri problemi, purtroppo a volte incomprensibili per le persone alle quali ci si rivolge per ottenere aiuto e supporto. Non sorprende quindi che a questo stato di cose consegua un progressivo logorio dei rapporti interpersonali all\u2019interno della societ\u00e0. Chi denuncia continuamente i limiti di una \u201csociet\u00e0 disabile\u201d e quindi di uno Stato apparentemente invisibile e inefficace rischia di essere considerato un tipo strano e depresso. In effetti non \u00e8 facile essere positivi e sorridenti quando NON si \u00e8 indipendenti e non si ha la forza di affrontare le normali incombenze della vita quotidiana. Per tutto questo mi batto, perch\u00e9 si comprenda che la disabilit\u00e0 risiede nella societ\u00e0 e non nella persona.   <\/p>\n<p>Oggi i Governi, che in materia di disabilit\u00e0 \u2013 tranne rare e illuminate eccezioni &#8211; hanno spesso avuto atteggiamenti balbettanti e inconcludenti, devono cominciare ad occuparsene concretamente, progettando finalmente un vero e proprio sistema di interventi finalizzati a valutare con precisione la realt\u00e0 esistente e di conseguenza a mettere in campo  ogni tipo di risorsa possibile per la valorizzazione e l\u2019inclusione, a tutti i livelli, delle persone con disabilit\u00e0 che, al pari di ogni individuo, possono e devono contribuire alla crescita e allo sviluppo dei Paesi del mondo.<\/p>\n<p>I Governi devono essere capaci di promuovere reali processi di integrazione, reali processi di cambiamento nell\u2019organizzazione delle citt\u00e0, dei quartieri, dei trasporti, delle scuole, di tutte le strutture pubbliche. Devono farsi carico di promuovere una politica imprenditoriale capace di industrializzare gli enormi e straordinari passi avanti compiuti dalla ricerca scientifica e dallo sviluppo tecnologico e contemporaneamente consentire a tutte le persone con disabilit\u00e0 di poterne fruire.<\/p>\n<div style=\"width: 1170px;\" class=\"wp-video\"><!--[if lt IE 9]><script>document.createElement('video');<\/script><![endif]-->\n<video class=\"wp-video-shortcode\" id=\"video-3419-1\" width=\"1170\" height=\"658\" preload=\"metadata\" controls=\"controls\"><source type=\"video\/mp4\" src=\"http:\/\/www.salvatorecimmino.it\/wp-content\/uploads\/2019\/07\/Edward.mp4?_=1\" \/><a href=\"http:\/\/www.salvatorecimmino.it\/wp-content\/uploads\/2019\/07\/Edward.mp4\">http:\/\/www.salvatorecimmino.it\/wp-content\/uploads\/2019\/07\/Edward.mp4<\/a><\/video><\/div>\n<p>Il documento filmato allegato a questo articolo dimostra che la disabilit\u00e0 pu\u00f2 essere sconfitta per sempre, che molto spesso \u2013 come in questo caso &#8211;  le persone con disabilit\u00e0 sono veri e propri eroi, grandi persone, coraggiose e fortissime.<\/p>\n<p>\u00c8 necessario che il sistema sanitario contempli investimenti maggiori per la realizzazione di centri di ascolto per le famiglie, che non devono mai pi\u00f9 essere lasciate sole. \u00c8 necessario facilitare l\u2019inclusione, valorizzare di ogni cittadino le capacit\u00e0 e le attitudini e, soprattutto, non permettere mai che qualcuno rimanga indietro, isolato e senza speranza.<\/p>\n<p>Edward, continua a camminare da solo!<\/p>\n<p>Un forte abbraccio, Salvatore<\/p>\n","protected":false},"excerpt":{"rendered":"<p>L\u2019errore pi\u00f9 grave \u00e8 quello di arrendersi ad un nemico ostinato ed apparentemente invincibile. La disabilit\u00e0 \u00e8 una condizione che sconvolge la qualit\u00e0 della vita delle persone. \u00c8 una condizione spesso invisibile a chi non ne \u00e8 affetto. Pu\u00f2 portare a vivere da reclusi insieme alle proprie famiglie senza che il mondo circostante se ne&hellip;<\/p>\n","protected":false},"author":1,"featured_media":3423,"comment_status":"open","ping_status":"open","sticky":false,"template":"","format":"standard","meta":[],"categories":[37,33],"tags":[],"_links":{"self":[{"href":"https:\/\/www.salvatorecimmino.it\/index.php?rest_route=\/wp\/v2\/posts\/3419"}],"collection":[{"href":"https:\/\/www.salvatorecimmino.it\/index.php?rest_route=\/wp\/v2\/posts"}],"about":[{"href":"https:\/\/www.salvatorecimmino.it\/index.php?rest_route=\/wp\/v2\/types\/post"}],"author":[{"embeddable":true,"href":"https:\/\/www.salvatorecimmino.it\/index.php?rest_route=\/wp\/v2\/users\/1"}],"replies":[{"embeddable":true,"href":"https:\/\/www.salvatorecimmino.it\/index.php?rest_route=%2Fwp%2Fv2%2Fcomments&post=3419"}],"version-history":[{"count":3,"href":"https:\/\/www.salvatorecimmino.it\/index.php?rest_route=\/wp\/v2\/posts\/3419\/revisions"}],"predecessor-version":[{"id":3433,"href":"https:\/\/www.salvatorecimmino.it\/index.php?rest_route=\/wp\/v2\/posts\/3419\/revisions\/3433"}],"wp:featuredmedia":[{"embeddable":true,"href":"https:\/\/www.salvatorecimmino.it\/index.php?rest_route=\/wp\/v2\/media\/3423"}],"wp:attachment":[{"href":"https:\/\/www.salvatorecimmino.it\/index.php?rest_route=%2Fwp%2Fv2%2Fmedia&parent=3419"}],"wp:term":[{"taxonomy":"category","embeddable":true,"href":"https:\/\/www.salvatorecimmino.it\/index.php?rest_route=%2Fwp%2Fv2%2Fcategories&post=3419"},{"taxonomy":"post_tag","embeddable":true,"href":"https:\/\/www.salvatorecimmino.it\/index.php?rest_route=%2Fwp%2Fv2%2Ftags&post=3419"}],"curies":[{"name":"wp","href":"https:\/\/api.w.org\/{rel}","templated":true}]}}