{"id":373,"date":"2010-03-09T14:00:52","date_gmt":"2010-03-09T14:00:52","guid":{"rendered":"http:\/\/www.salvatorecimmino.it\/?p=373"},"modified":"2018-07-04T11:24:00","modified_gmt":"2018-07-04T11:24:00","slug":"io-ho-un-sogno","status":"publish","type":"post","link":"https:\/\/www.salvatorecimmino.it\/?p=373","title":{"rendered":"Io ho un sogno"},"content":{"rendered":"<p><!--:it--><a href=\"http:\/\/www.salvatorecimmino.it\/?attachment_id=374\" rel=\"attachment wp-att-374\"><img decoding=\"async\" loading=\"lazy\" class=\"alignnone size-medium wp-image-374\" title=\"cometa\" src=\"http:\/\/www.salvatorecimmino.it\/wp-content\/uploads\/2011\/01\/cometa-300x235.jpg\" alt=\"Cometa\" width=\"300\" height=\"235\" \/><\/a><br \/>\nNel mondo ci sono 600 milioni di persone disabili, cifra che rappresenta il 10% della popolazione globale e il 15 % della popolazione europea.<br \/>\nIn Italia ci sono 5 milioni di persone disabili, di cui 3 milioni, tra i 6 e i 75 anni, che convivono con difficolt\u00e0 motorie talmente gravi da comportare il pressoch\u00e9 totale sconfinamento.<br \/>\nOltre 2 milioni di persone sono invece colpite da ritardo mentale, e fra esse diverse decine di migliaia soffrono di forme di tipo grave e severo.<br \/>\nLa situazione di handicap, sia esso fisico-motorio o mentale, comporta uno sconfinamento pi\u00f9 o meno totale, con una diretta influenza sulle capacit\u00e0 e possibilit\u00e0 di apprendimento, comunicazione, autoaccudimento, interazione sociale, gioco, lavoro e possibilit\u00e0 di evitare i pericoli.<br \/>\nIn una parola, esistono numerosi individui che, di fatto, sono costretti ad assistere passivamente alla vita, spettatori e non pi\u00f9 (o non mai) attori.<br \/>\nAttraverso la tecnologia odierna oggi \u00e8 possibile pianificare ed attuare interventi mirati tali da migliorare drasticamente le condizioni di vita di una persona disabile.<br \/>\nEcco perch\u00e9 \u00e8 urgente intervenire quanto prima sui LEA, ( Livelli Esistenziali di Assistenza ), e sul Nomenclatore Tariffario, affinch\u00e9 i progressi ottenuti dalla ricerca possano contribuire a restituire dignit\u00e0 e qualit\u00e0 di vita migliore alle persone disabili.<br \/>\nIo ho un sogno, ed \u00e8 quello di rendere fruibile questa tecnologia a tutti quelli che ne hanno bisogno.<br \/>\nIo ho un sogno, ed \u00e8 quello che una persona disabile non venga pi\u00f9 definita un\u2019ammalata.<br \/>\nIo ho un sogno, ed \u00e8 quello di eliminare, nel nostro paese, migliaia di sciacalli e medici compiacenti che si appropriano indebitamente dei diritti delle persone disabili, ledendo e danneggiando la societ\u00e0.<br \/>\nIo ho un sogno, che un giorno il mio paese sar\u00e0 culturalmente e psicologicamente maturo dal punto di vista dell\u2019 accoglienza e dell\u2019 integrazione.<br \/>\nIo ho un sogno, che un giorno nel mio paese non ci saranno pi\u00f9 barriere per le persone disabili:<br \/>\nil lavoro, la dignit\u00e0, la libert\u00e0, l\u2019 autonomia, i giochi, l\u2019 allegria, non restino n\u00e8 un desiderio n\u00e8<br \/>\nun\u2019aspirazione ma una realt\u00e0.<br \/>\nIo ho un sogno, che un giorno nel mio paese si possa condividere il progresso e il benessere, oggi!!!<br \/>\nCome voi ben sapete, non smetter\u00f2 di nuotare fino a quando il mio sogno non diverr\u00e0 realt\u00e0.<\/p>\n<p>Con Affetto<\/p>\n<p>Salvatore Cimmino<!--:--><!--:en--><\/p>\n<p>&nbsp;<\/p>\n<p><!--:--><\/p>\n","protected":false},"excerpt":{"rendered":"<p>Nel mondo ci sono 600 milioni di persone disabili, cifra che rappresenta il 10% della popolazione globale e il 15 % della popolazione europea. In Italia ci sono 5 milioni di persone disabili, di cui 3 milioni, tra i 6 e i 75 anni, che convivono con difficolt\u00e0 motorie talmente gravi da comportare il pressoch\u00e9&hellip;<\/p>\n","protected":false},"author":1,"featured_media":0,"comment_status":"open","ping_status":"open","sticky":false,"template":"","format":"standard","meta":[],"categories":[37],"tags":[],"_links":{"self":[{"href":"https:\/\/www.salvatorecimmino.it\/index.php?rest_route=\/wp\/v2\/posts\/373"}],"collection":[{"href":"https:\/\/www.salvatorecimmino.it\/index.php?rest_route=\/wp\/v2\/posts"}],"about":[{"href":"https:\/\/www.salvatorecimmino.it\/index.php?rest_route=\/wp\/v2\/types\/post"}],"author":[{"embeddable":true,"href":"https:\/\/www.salvatorecimmino.it\/index.php?rest_route=\/wp\/v2\/users\/1"}],"replies":[{"embeddable":true,"href":"https:\/\/www.salvatorecimmino.it\/index.php?rest_route=%2Fwp%2Fv2%2Fcomments&post=373"}],"version-history":[{"count":8,"href":"https:\/\/www.salvatorecimmino.it\/index.php?rest_route=\/wp\/v2\/posts\/373\/revisions"}],"predecessor-version":[{"id":3166,"href":"https:\/\/www.salvatorecimmino.it\/index.php?rest_route=\/wp\/v2\/posts\/373\/revisions\/3166"}],"wp:attachment":[{"href":"https:\/\/www.salvatorecimmino.it\/index.php?rest_route=%2Fwp%2Fv2%2Fmedia&parent=373"}],"wp:term":[{"taxonomy":"category","embeddable":true,"href":"https:\/\/www.salvatorecimmino.it\/index.php?rest_route=%2Fwp%2Fv2%2Fcategories&post=373"},{"taxonomy":"post_tag","embeddable":true,"href":"https:\/\/www.salvatorecimmino.it\/index.php?rest_route=%2Fwp%2Fv2%2Ftags&post=373"}],"curies":[{"name":"wp","href":"https:\/\/api.w.org\/{rel}","templated":true}]}}