{"id":5437,"date":"2026-09-01T07:30:57","date_gmt":"2026-09-01T05:30:57","guid":{"rendered":"https:\/\/www.salvatorecimmino.it\/?p=5437"},"modified":"2026-09-01T07:35:20","modified_gmt":"2026-09-01T05:35:20","slug":"linvisibile-strage-del-silenzio","status":"publish","type":"post","link":"https:\/\/www.salvatorecimmino.it\/?p=5437","title":{"rendered":"L&#8217;invisibile strage del silenzio"},"content":{"rendered":"<div class=\"wp-block-image\">\n<figure class=\"aligncenter size-full is-resized\"><img decoding=\"async\" loading=\"lazy\" src=\"https:\/\/www.salvatorecimmino.it\/wp-content\/uploads\/2026\/09\/maltrattamenti.jpg\" alt=\"\" class=\"wp-image-5438\" width=\"297\" height=\"452\" srcset=\"https:\/\/www.salvatorecimmino.it\/wp-content\/uploads\/2026\/09\/maltrattamenti.jpg 270w, https:\/\/www.salvatorecimmino.it\/wp-content\/uploads\/2026\/09\/maltrattamenti-197x300.jpg 197w\" sizes=\"(max-width: 297px) 100vw, 297px\" \/><figcaption class=\"wp-element-caption\"><strong>Il grido d&#8217;aiuto rimasto inascoltato da uno Stato <\/strong><strong>che ha dimenticato la sua stessa Costituzione.<\/strong><\/figcaption><\/figure><\/div>\n\n\n<p>Un&#8217;altra famiglia sterminata dalla solitudine. Una bambina con una disabilit\u00e0 grave e i suoi genitori, trovati senza vita tra le mura di una casa trasformata in una trappola di disperazione. Si sono uccisi perch\u00e9 lasciati soli. \u00c8 una strage continua, silenziosa, metodica, seguita puntualmente dall&#8217;indifferenza generale e da un raggelante menefreghismo istituzionale.<\/p>\n\n\n\n<p>Poi, puntuali come un copione gi\u00e0 scritto, arrivano i burocrati. Siamo costretti ad ascoltare il rappresentante del municipio che, con freddezza statistica, assicura: \u00abErano seguiti\u00bb. Ma seguiti come? Da chi? In che modo?<\/p>\n\n\n\n<p>La risposta sta nella realt\u00e0 brutale di questa mattina. Se quella famiglia fosse stata seguita davvero, oggi questo pap\u00e0 non sarebbe dentro una bara. Questa mattina sarebbe andato in ufficio, si sarebbe seduto alla sua scrivania e avrebbe svolto il suo lavoro di tecnico informatico. Avrebbe vissuto una vita normale, sorretto da uno Stato capace di fare lo Stato.<\/p>\n\n\n\n<p>Invece no. La verit\u00e0 \u00e8 che l&#8217;assistenza si ferma quasi sempre ai moduli da compilare, ai rimpalli di responsabilit\u00e0, ai bonus una tantum che non cambiano la quotidianit\u00e0. Le famiglie che convivono con la disabilit\u00e0 grave vengono sepolte vive sotto il peso di un carico assistenziale ed emotivo insostenibile, che logora la mente e il corpo fino a spezzare il fiato.<\/p>\n\n\n\n<p>Quanti suicidi-omicidi devono ancora accadere prima che qualcosa cambi davvero? Quanti corpi dobbiamo ancora contare per capire che la disabilit\u00e0 nuoce non come fatto privato, ma come dovere collettivo? Non c\u2019\u00e8 pi\u00f9 tempo per i rimpalli o per la contabilit\u00e0 del dolore. <\/p>\n\n\n\n<p>La nostra Costituzione parla chiaro: riconosce la pari dignit\u00e0 sociale di ogni cittadino e impegna la Repubblica a rimuovere gli ostacoli che limitano l&#8217;uguaglianza e la libert\u00e0. <\/p>\n\n\n\n<p>Ogni volta che una famiglia viene lasciata sola fino a morire, quella promessa costituzionale viene tradita. Restituire dignit\u00e0 a chi convive con la disabilit\u00e0 grave non \u00e8 una concessione assistenziale, ma un obbligo di civilt\u00e0 non pi\u00f9 rimandabile. <\/p>\n\n\n\n<p>Lo Stato deve smettere di fare l&#8217;impiegato e iniziare a fare il salvagente, applicando la Carta nei fatti, prima che il prossimo muro di silenzio inghiotta un&#8217;altra vita.<\/p>\n\n\n\n<p>Salvatore Cimmino<\/p>\n\n\n\n<hr class=\"wp-block-separator has-alpha-channel-opacity\"\/>\n","protected":false},"excerpt":{"rendered":"<p>Un&#8217;altra famiglia sterminata dalla solitudine. Una bambina con una disabilit\u00e0 grave e i suoi genitori, trovati senza vita tra le mura di una casa trasformata in una trappola di disperazione. Si sono uccisi perch\u00e9 lasciati soli. \u00c8 una strage continua, silenziosa, metodica, seguita puntualmente dall&#8217;indifferenza generale e da un raggelante menefreghismo istituzionale. Poi, puntuali come&hellip;<\/p>\n","protected":false},"author":1,"featured_media":5438,"comment_status":"open","ping_status":"open","sticky":false,"template":"","format":"standard","meta":[],"categories":[128,37],"tags":[],"_links":{"self":[{"href":"https:\/\/www.salvatorecimmino.it\/index.php?rest_route=\/wp\/v2\/posts\/5437"}],"collection":[{"href":"https:\/\/www.salvatorecimmino.it\/index.php?rest_route=\/wp\/v2\/posts"}],"about":[{"href":"https:\/\/www.salvatorecimmino.it\/index.php?rest_route=\/wp\/v2\/types\/post"}],"author":[{"embeddable":true,"href":"https:\/\/www.salvatorecimmino.it\/index.php?rest_route=\/wp\/v2\/users\/1"}],"replies":[{"embeddable":true,"href":"https:\/\/www.salvatorecimmino.it\/index.php?rest_route=%2Fwp%2Fv2%2Fcomments&post=5437"}],"version-history":[{"count":3,"href":"https:\/\/www.salvatorecimmino.it\/index.php?rest_route=\/wp\/v2\/posts\/5437\/revisions"}],"predecessor-version":[{"id":5441,"href":"https:\/\/www.salvatorecimmino.it\/index.php?rest_route=\/wp\/v2\/posts\/5437\/revisions\/5441"}],"wp:featuredmedia":[{"embeddable":true,"href":"https:\/\/www.salvatorecimmino.it\/index.php?rest_route=\/wp\/v2\/media\/5438"}],"wp:attachment":[{"href":"https:\/\/www.salvatorecimmino.it\/index.php?rest_route=%2Fwp%2Fv2%2Fmedia&parent=5437"}],"wp:term":[{"taxonomy":"category","embeddable":true,"href":"https:\/\/www.salvatorecimmino.it\/index.php?rest_route=%2Fwp%2Fv2%2Fcategories&post=5437"},{"taxonomy":"post_tag","embeddable":true,"href":"https:\/\/www.salvatorecimmino.it\/index.php?rest_route=%2Fwp%2Fv2%2Ftags&post=5437"}],"curies":[{"name":"wp","href":"https:\/\/api.w.org\/{rel}","templated":true}]}}